{"id":9487,"date":"2022-03-26T13:55:00","date_gmt":"2022-03-26T12:55:00","guid":{"rendered":"http:\/\/cms.mtsomnii.de\/w7\/merkur-de-gap\/poschinger-allee-noch-kein-beschluss-91436526-html-9487\/"},"modified":"2022-03-26T13:55:00","modified_gmt":"2022-03-26T12:55:00","slug":"poschinger-allee-noch-kein-beschluss-91436526-html","status":"publish","type":"post","link":"http:\/\/cms.mtsomnii.de\/w7\/merkur-de-gap\/poschinger-allee-noch-kein-beschluss-91436526-html-9487\/","title":{"rendered":"Poschinger Allee: Noch kein Beschluss zu Radweg und Baumf\u00e4llungen"},"content":{"rendered":"<div>Der Murnauer Gemeinderat hat eine Entscheidung zum Radwegbau an der Poschinger Allee vertagt. Somit bleibt zun\u00e4chst offen, ob und in welchem Umfang dort B\u00e4ume gef\u00e4llt werden.<\/div>\n","protected":false},"excerpt":{"rendered":"<p>Der Murnauer Gemeinderat hat eine Entscheidung zum Radwegbau an der Poschinger Allee vertagt. Somit bleibt zun\u00e4chst offen, ob und in welchem Umfang dort B\u00e4ume gef\u00e4llt werden.<\/p>\n","protected":false},"author":5,"featured_media":0,"comment_status":"closed","ping_status":"open","sticky":false,"template":"","format":"standard","meta":[],"categories":[5],"tags":[],"_links":{"self":[{"href":"http:\/\/cms.mtsomnii.de\/w7\/wp-json\/wp\/v2\/posts\/9487"}],"collection":[{"href":"http:\/\/cms.mtsomnii.de\/w7\/wp-json\/wp\/v2\/posts"}],"about":[{"href":"http:\/\/cms.mtsomnii.de\/w7\/wp-json\/wp\/v2\/types\/post"}],"author":[{"embeddable":true,"href":"http:\/\/cms.mtsomnii.de\/w7\/wp-json\/wp\/v2\/users\/5"}],"replies":[{"embeddable":true,"href":"http:\/\/cms.mtsomnii.de\/w7\/wp-json\/wp\/v2\/comments?post=9487"}],"version-history":[{"count":0,"href":"http:\/\/cms.mtsomnii.de\/w7\/wp-json\/wp\/v2\/posts\/9487\/revisions"}],"wp:attachment":[{"href":"http:\/\/cms.mtsomnii.de\/w7\/wp-json\/wp\/v2\/media?parent=9487"}],"wp:term":[{"taxonomy":"category","embeddable":true,"href":"http:\/\/cms.mtsomnii.de\/w7\/wp-json\/wp\/v2\/categories?post=9487"},{"taxonomy":"post_tag","embeddable":true,"href":"http:\/\/cms.mtsomnii.de\/w7\/wp-json\/wp\/v2\/tags?post=9487"}],"curies":[{"name":"wp","href":"https:\/\/api.w.org\/{rel}","templated":true}]}}