{"id":9490,"date":"2022-03-27T18:00:00","date_gmt":"2022-03-27T16:00:00","guid":{"rendered":"http:\/\/cms.mtsomnii.de\/w7\/merkur-de-gap\/starker-husten-fahrer-verliert-kontrolle-ueber-kleintransporter-91438807-html-9490\/"},"modified":"2022-03-27T18:00:00","modified_gmt":"2022-03-27T16:00:00","slug":"starker-husten-fahrer-verliert-kontrolle-ueber-kleintransporter-91438807-html","status":"publish","type":"post","link":"http:\/\/cms.mtsomnii.de\/w7\/merkur-de-gap\/starker-husten-fahrer-verliert-kontrolle-ueber-kleintransporter-91438807-html-9490\/","title":{"rendered":"Starker Husten: Fahrer verliert Kontrolle \u00fcber Kleintransporter"},"content":{"rendered":"<div>Kleine Ursache, gro\u00dfe Wirkung: Ein starker Husten war der Ausl\u00f6ser eines Unfalls, der sich am Samstagmorgen, 26. M\u00e4rz, gegen 7 Uhr in Garmisch-Partenkirchen in der N\u00e4he des Sonnenbichl-Hotels ereignete. Laut Polizeibericht war auf der Burgstra\u00dfe ein 61-j\u00e4hriger italienischer Staatsb\u00fcrger mit einem Kleintransporter ortsausw\u00e4rts unterwegs. Nach bisherigen Erkenntnissen verschluckte er sich an einem Kaffee und musste so stark husten, dass er mit dem Gef\u00e4hrt von der Fahrbahn abkam und \u00fcber den Randstein fuhr.<\/div>\n","protected":false},"excerpt":{"rendered":"<p>Kleine Ursache, gro\u00dfe Wirkung: Ein starker Husten war der Ausl\u00f6ser eines Unfalls, der sich am Samstagmorgen, 26. M\u00e4rz, gegen 7 Uhr in Garmisch-Partenkirchen in der N\u00e4he des Sonnenbichl-Hotels ereignete. Laut Polizeibericht war auf der Burgstra\u00dfe ein 61-j\u00e4hriger italienischer Staatsb\u00fcrger mit einem Kleintransporter ortsausw\u00e4rts unterwegs. Nach bisherigen Erkenntnissen verschluckte er sich an einem Kaffee und musste so stark husten, dass er<\/p>\n","protected":false},"author":5,"featured_media":0,"comment_status":"closed","ping_status":"open","sticky":false,"template":"","format":"standard","meta":[],"categories":[5],"tags":[],"_links":{"self":[{"href":"http:\/\/cms.mtsomnii.de\/w7\/wp-json\/wp\/v2\/posts\/9490"}],"collection":[{"href":"http:\/\/cms.mtsomnii.de\/w7\/wp-json\/wp\/v2\/posts"}],"about":[{"href":"http:\/\/cms.mtsomnii.de\/w7\/wp-json\/wp\/v2\/types\/post"}],"author":[{"embeddable":true,"href":"http:\/\/cms.mtsomnii.de\/w7\/wp-json\/wp\/v2\/users\/5"}],"replies":[{"embeddable":true,"href":"http:\/\/cms.mtsomnii.de\/w7\/wp-json\/wp\/v2\/comments?post=9490"}],"version-history":[{"count":0,"href":"http:\/\/cms.mtsomnii.de\/w7\/wp-json\/wp\/v2\/posts\/9490\/revisions"}],"wp:attachment":[{"href":"http:\/\/cms.mtsomnii.de\/w7\/wp-json\/wp\/v2\/media?parent=9490"}],"wp:term":[{"taxonomy":"category","embeddable":true,"href":"http:\/\/cms.mtsomnii.de\/w7\/wp-json\/wp\/v2\/categories?post=9490"},{"taxonomy":"post_tag","embeddable":true,"href":"http:\/\/cms.mtsomnii.de\/w7\/wp-json\/wp\/v2\/tags?post=9490"}],"curies":[{"name":"wp","href":"https:\/\/api.w.org\/{rel}","templated":true}]}}