{"id":9491,"date":"2022-03-28T08:00:00","date_gmt":"2022-03-28T06:00:00","guid":{"rendered":"http:\/\/cms.mtsomnii.de\/w7\/merkur-de-gap\/murnau-kuehn-strebt-dritte-periode-an-91438721-html-9491\/"},"modified":"2022-03-28T08:00:00","modified_gmt":"2022-03-28T06:00:00","slug":"murnau-kuehn-strebt-dritte-periode-an-91438721-html","status":"publish","type":"post","link":"http:\/\/cms.mtsomnii.de\/w7\/merkur-de-gap\/murnau-kuehn-strebt-dritte-periode-an-91438721-html-9491\/","title":{"rendered":"K\u00fchn strebt dritte Periode an"},"content":{"rendered":"<div>Seine politische Laufbahn als Landtagsabgeordneter f\u00fcr die CSU gedenkt der Murnauer Harald K\u00fchn fortzusetzen. Im Tagblatt-Gespr\u00e4che k\u00fcndigt er an, bei der Wahl im Herbst 2023 noch einmal anzutreten. Dabei kann er sich der Unterst\u00fctzung der Kreis-CSU-Vorsitzenden von Weilheim-Schongau und Garmisch-Partenkirchen, Alexander Dobrindt und Dr. Michael Rapp, sicher sein.<\/div>\n","protected":false},"excerpt":{"rendered":"<p>Seine politische Laufbahn als Landtagsabgeordneter f\u00fcr die CSU gedenkt der Murnauer Harald K\u00fchn fortzusetzen. Im Tagblatt-Gespr\u00e4che k\u00fcndigt er an, bei der Wahl im Herbst 2023 noch einmal anzutreten. Dabei kann er sich der Unterst\u00fctzung der Kreis-CSU-Vorsitzenden von Weilheim-Schongau und Garmisch-Partenkirchen, Alexander Dobrindt und Dr. Michael Rapp, sicher sein.<\/p>\n","protected":false},"author":5,"featured_media":0,"comment_status":"closed","ping_status":"open","sticky":false,"template":"","format":"standard","meta":[],"categories":[5],"tags":[],"_links":{"self":[{"href":"http:\/\/cms.mtsomnii.de\/w7\/wp-json\/wp\/v2\/posts\/9491"}],"collection":[{"href":"http:\/\/cms.mtsomnii.de\/w7\/wp-json\/wp\/v2\/posts"}],"about":[{"href":"http:\/\/cms.mtsomnii.de\/w7\/wp-json\/wp\/v2\/types\/post"}],"author":[{"embeddable":true,"href":"http:\/\/cms.mtsomnii.de\/w7\/wp-json\/wp\/v2\/users\/5"}],"replies":[{"embeddable":true,"href":"http:\/\/cms.mtsomnii.de\/w7\/wp-json\/wp\/v2\/comments?post=9491"}],"version-history":[{"count":0,"href":"http:\/\/cms.mtsomnii.de\/w7\/wp-json\/wp\/v2\/posts\/9491\/revisions"}],"wp:attachment":[{"href":"http:\/\/cms.mtsomnii.de\/w7\/wp-json\/wp\/v2\/media?parent=9491"}],"wp:term":[{"taxonomy":"category","embeddable":true,"href":"http:\/\/cms.mtsomnii.de\/w7\/wp-json\/wp\/v2\/categories?post=9491"},{"taxonomy":"post_tag","embeddable":true,"href":"http:\/\/cms.mtsomnii.de\/w7\/wp-json\/wp\/v2\/tags?post=9491"}],"curies":[{"name":"wp","href":"https:\/\/api.w.org\/{rel}","templated":true}]}}