{"id":9493,"date":"2022-03-28T08:42:03","date_gmt":"2022-03-28T06:42:03","guid":{"rendered":"http:\/\/cms.mtsomnii.de\/w7\/kreisbote-gap\/staatenuebergreifende-zusammenarbeit-beim-monitoring-von-woelfen-auf-den-weg-gebracht-91439677-html-9493\/"},"modified":"2022-03-28T08:42:03","modified_gmt":"2022-03-28T06:42:03","slug":"staatenuebergreifende-zusammenarbeit-beim-monitoring-von-woelfen-auf-den-weg-gebracht-91439677-html","status":"publish","type":"post","link":"http:\/\/cms.mtsomnii.de\/w7\/kreisbote-gap\/staatenuebergreifende-zusammenarbeit-beim-monitoring-von-woelfen-auf-den-weg-gebracht-91439677-html-9493\/","title":{"rendered":"Staaten\u00fcbergreifende Zusammenarbeit beim Monitoring von W\u00f6lfen auf den Weg gebracht"},"content":{"rendered":"<div>Region \/ Innsbruck \u2013 Ein staaten\u00fcbergreifendes Monitoring und damit ein besseres Management von W\u00f6lfen im Alpenraum ist das Ziel eines Arbeits\u00fcbereinkommens, auf das sich Vertreter der Landesregierungen von Bayern, Tirol, S\u00fcdtirol, Vorarlberg, Salzburg und Trentino geeinigt haben.<\/div>\n","protected":false},"excerpt":{"rendered":"<p>Region \/ Innsbruck \u2013 Ein staaten\u00fcbergreifendes Monitoring und damit ein besseres Management von W\u00f6lfen im Alpenraum ist das Ziel eines Arbeits\u00fcbereinkommens, auf das sich Vertreter der Landesregierungen von Bayern, Tirol, S\u00fcdtirol, Vorarlberg, Salzburg und Trentino geeinigt haben.<\/p>\n","protected":false},"author":4,"featured_media":0,"comment_status":"closed","ping_status":"open","sticky":false,"template":"","format":"standard","meta":[],"categories":[2],"tags":[],"_links":{"self":[{"href":"http:\/\/cms.mtsomnii.de\/w7\/wp-json\/wp\/v2\/posts\/9493"}],"collection":[{"href":"http:\/\/cms.mtsomnii.de\/w7\/wp-json\/wp\/v2\/posts"}],"about":[{"href":"http:\/\/cms.mtsomnii.de\/w7\/wp-json\/wp\/v2\/types\/post"}],"author":[{"embeddable":true,"href":"http:\/\/cms.mtsomnii.de\/w7\/wp-json\/wp\/v2\/users\/4"}],"replies":[{"embeddable":true,"href":"http:\/\/cms.mtsomnii.de\/w7\/wp-json\/wp\/v2\/comments?post=9493"}],"version-history":[{"count":0,"href":"http:\/\/cms.mtsomnii.de\/w7\/wp-json\/wp\/v2\/posts\/9493\/revisions"}],"wp:attachment":[{"href":"http:\/\/cms.mtsomnii.de\/w7\/wp-json\/wp\/v2\/media?parent=9493"}],"wp:term":[{"taxonomy":"category","embeddable":true,"href":"http:\/\/cms.mtsomnii.de\/w7\/wp-json\/wp\/v2\/categories?post=9493"},{"taxonomy":"post_tag","embeddable":true,"href":"http:\/\/cms.mtsomnii.de\/w7\/wp-json\/wp\/v2\/tags?post=9493"}],"curies":[{"name":"wp","href":"https:\/\/api.w.org\/{rel}","templated":true}]}}