{"id":9499,"date":"2022-03-28T16:00:00","date_gmt":"2022-03-28T14:00:00","guid":{"rendered":"http:\/\/cms.mtsomnii.de\/w7\/kreisbote-gap\/corona-ticker-landkreis-garmisch-partenkirchen-91225996-html-62-9499\/"},"modified":"2022-03-28T16:00:00","modified_gmt":"2022-03-28T14:00:00","slug":"corona-ticker-landkreis-garmisch-partenkirchen-91225996-html-62","status":"publish","type":"post","link":"http:\/\/cms.mtsomnii.de\/w7\/kreisbote-gap\/corona-ticker-landkreis-garmisch-partenkirchen-91225996-html-62-9499\/","title":{"rendered":"Bayern macht von \u00dcbergangsregelung Gebrauch"},"content":{"rendered":"<div>Die Corona-Fallzahlen sind noch immer hoch &#8211; eigentlich sollten zum 20. M\u00e4rz die Beschr\u00e4nkungen in Deutschland weitestgehend fallen. Bayern macht von einer \u00dcbergangsregelung Gebrauch und verl\u00e4ngert viele Corona-Ma\u00dfnahmen bis zum 2. April. Das betrifft vor allem die 2G- und 3G-Zugangsregeln sowie die Maskenpflicht in Innenr\u00e4umen. Das Kabinett beschloss aber auch Lockerungen: Am Samstag, 19. M\u00e4rz, fallen die Kontaktbeschr\u00e4nkungen weg, Kapazit\u00e4ts- und Personenobergrenzen, Sonderregelungen f\u00fcr Gottesdienste und Versammlungen, das Tanz- und Musikverbot in der Gastronomie. Grundsch\u00fcler m\u00fcssen ab  Montag (21. M\u00e4rz) keine Masken mehr am Platz im Unterricht tragen. Eine Woche sp\u00e4ter (28. M\u00e4rz) soll auch die Maskenpflicht f\u00fcr die 5. und 6. Klassen wegfallen. \u00a0<\/div>\n","protected":false},"excerpt":{"rendered":"<p>Die Corona-Fallzahlen sind noch immer hoch &#8211; eigentlich sollten zum 20. M\u00e4rz die Beschr\u00e4nkungen in Deutschland weitestgehend fallen. Bayern macht von einer \u00dcbergangsregelung Gebrauch und verl\u00e4ngert viele Corona-Ma\u00dfnahmen bis zum 2. April. Das betrifft vor allem die 2G- und 3G-Zugangsregeln sowie die Maskenpflicht in Innenr\u00e4umen. Das Kabinett beschloss aber auch Lockerungen: Am Samstag, 19. M\u00e4rz, fallen die Kontaktbeschr\u00e4nkungen weg, Kapazit\u00e4ts-<\/p>\n","protected":false},"author":4,"featured_media":0,"comment_status":"closed","ping_status":"open","sticky":false,"template":"","format":"standard","meta":[],"categories":[2],"tags":[],"_links":{"self":[{"href":"http:\/\/cms.mtsomnii.de\/w7\/wp-json\/wp\/v2\/posts\/9499"}],"collection":[{"href":"http:\/\/cms.mtsomnii.de\/w7\/wp-json\/wp\/v2\/posts"}],"about":[{"href":"http:\/\/cms.mtsomnii.de\/w7\/wp-json\/wp\/v2\/types\/post"}],"author":[{"embeddable":true,"href":"http:\/\/cms.mtsomnii.de\/w7\/wp-json\/wp\/v2\/users\/4"}],"replies":[{"embeddable":true,"href":"http:\/\/cms.mtsomnii.de\/w7\/wp-json\/wp\/v2\/comments?post=9499"}],"version-history":[{"count":0,"href":"http:\/\/cms.mtsomnii.de\/w7\/wp-json\/wp\/v2\/posts\/9499\/revisions"}],"wp:attachment":[{"href":"http:\/\/cms.mtsomnii.de\/w7\/wp-json\/wp\/v2\/media?parent=9499"}],"wp:term":[{"taxonomy":"category","embeddable":true,"href":"http:\/\/cms.mtsomnii.de\/w7\/wp-json\/wp\/v2\/categories?post=9499"},{"taxonomy":"post_tag","embeddable":true,"href":"http:\/\/cms.mtsomnii.de\/w7\/wp-json\/wp\/v2\/tags?post=9499"}],"curies":[{"name":"wp","href":"https:\/\/api.w.org\/{rel}","templated":true}]}}