{"id":9509,"date":"2022-03-29T11:00:00","date_gmt":"2022-03-29T09:00:00","guid":{"rendered":"http:\/\/cms.mtsomnii.de\/w7\/kreisbote-gap\/musical-und-filmmusikabend-der-sinfonietta-im-werdenfels-gymnasium-91439700-html-9509\/"},"modified":"2022-03-29T11:00:00","modified_gmt":"2022-03-29T09:00:00","slug":"musical-und-filmmusikabend-der-sinfonietta-im-werdenfels-gymnasium-91439700-html","status":"publish","type":"post","link":"http:\/\/cms.mtsomnii.de\/w7\/kreisbote-gap\/musical-und-filmmusikabend-der-sinfonietta-im-werdenfels-gymnasium-91439700-html-9509\/","title":{"rendered":"Musical- und Filmmusikabend der Sinfonietta im Werdenfels-Gymnasium"},"content":{"rendered":"<div>GAP \u2013 Freunde und Liebhaber von Musical- und Filmmelodien d\u00fcrfen sich freuen. Nach l\u00e4ngerer coronabedingter Pause laden die Sinfonietta Werdenfels und ihr Dirigent Helmut Kr\u00f6ll kommenden Freitag, 1. April, 19.30 Uhr in die Aula des Werdenfels-Gymnasiums, Wettersteinstra\u00dfe 30, zum Konzertabend ein. Dieser ist ganz dem Filmmusik- und Musical-Genre gewidmet.<\/div>\n","protected":false},"excerpt":{"rendered":"<p>GAP \u2013 Freunde und Liebhaber von Musical- und Filmmelodien d\u00fcrfen sich freuen. Nach l\u00e4ngerer coronabedingter Pause laden die Sinfonietta Werdenfels und ihr Dirigent Helmut Kr\u00f6ll kommenden Freitag, 1. April, 19.30 Uhr in die Aula des Werdenfels-Gymnasiums, Wettersteinstra\u00dfe 30, zum Konzertabend ein. Dieser ist ganz dem Filmmusik- und Musical-Genre gewidmet.<\/p>\n","protected":false},"author":4,"featured_media":0,"comment_status":"closed","ping_status":"open","sticky":false,"template":"","format":"standard","meta":[],"categories":[2],"tags":[],"_links":{"self":[{"href":"http:\/\/cms.mtsomnii.de\/w7\/wp-json\/wp\/v2\/posts\/9509"}],"collection":[{"href":"http:\/\/cms.mtsomnii.de\/w7\/wp-json\/wp\/v2\/posts"}],"about":[{"href":"http:\/\/cms.mtsomnii.de\/w7\/wp-json\/wp\/v2\/types\/post"}],"author":[{"embeddable":true,"href":"http:\/\/cms.mtsomnii.de\/w7\/wp-json\/wp\/v2\/users\/4"}],"replies":[{"embeddable":true,"href":"http:\/\/cms.mtsomnii.de\/w7\/wp-json\/wp\/v2\/comments?post=9509"}],"version-history":[{"count":0,"href":"http:\/\/cms.mtsomnii.de\/w7\/wp-json\/wp\/v2\/posts\/9509\/revisions"}],"wp:attachment":[{"href":"http:\/\/cms.mtsomnii.de\/w7\/wp-json\/wp\/v2\/media?parent=9509"}],"wp:term":[{"taxonomy":"category","embeddable":true,"href":"http:\/\/cms.mtsomnii.de\/w7\/wp-json\/wp\/v2\/categories?post=9509"},{"taxonomy":"post_tag","embeddable":true,"href":"http:\/\/cms.mtsomnii.de\/w7\/wp-json\/wp\/v2\/tags?post=9509"}],"curies":[{"name":"wp","href":"https:\/\/api.w.org\/{rel}","templated":true}]}}