{"id":9513,"date":"2022-03-29T14:00:00","date_gmt":"2022-03-29T12:00:00","guid":{"rendered":"http:\/\/cms.mtsomnii.de\/w7\/kreisbote-gap\/informationsbesuch-der-oberammergauer-nato-schule-91442313-html-9513\/"},"modified":"2022-03-29T14:00:00","modified_gmt":"2022-03-29T12:00:00","slug":"informationsbesuch-der-oberammergauer-nato-schule-91442313-html","status":"publish","type":"post","link":"http:\/\/cms.mtsomnii.de\/w7\/kreisbote-gap\/informationsbesuch-der-oberammergauer-nato-schule-91442313-html-9513\/","title":{"rendered":"Informationsbesuch der Oberammergauer NATO-Schule"},"content":{"rendered":"<div>Oberammergau \u2013 Der Landtagsabgeordnete Harald K\u00fchn besuchte die NATO-Schule in Oberammergau. Hierbei informierten der Kommandeur der Schule, Colonel Michael A. Davis, sowie der stv. Kommandeur und Chef des Stabes, Oberst Jac-Peter T\u00f6lkes, K\u00fchn sowie den 1. B\u00fcrgermeister der Gemeinde Oberammergau, Andreas R\u00f6dl, \u00fcber die aktuelle Situation und k\u00fcnftige Entwicklung der Schule.<\/div>\n","protected":false},"excerpt":{"rendered":"<p>Oberammergau \u2013 Der Landtagsabgeordnete Harald K\u00fchn besuchte die NATO-Schule in Oberammergau. Hierbei informierten der Kommandeur der Schule, Colonel Michael A. Davis, sowie der stv. Kommandeur und Chef des Stabes, Oberst Jac-Peter T\u00f6lkes, K\u00fchn sowie den 1. B\u00fcrgermeister der Gemeinde Oberammergau, Andreas R\u00f6dl, \u00fcber die aktuelle Situation und k\u00fcnftige Entwicklung der Schule.<\/p>\n","protected":false},"author":4,"featured_media":0,"comment_status":"closed","ping_status":"open","sticky":false,"template":"","format":"standard","meta":[],"categories":[2],"tags":[],"_links":{"self":[{"href":"http:\/\/cms.mtsomnii.de\/w7\/wp-json\/wp\/v2\/posts\/9513"}],"collection":[{"href":"http:\/\/cms.mtsomnii.de\/w7\/wp-json\/wp\/v2\/posts"}],"about":[{"href":"http:\/\/cms.mtsomnii.de\/w7\/wp-json\/wp\/v2\/types\/post"}],"author":[{"embeddable":true,"href":"http:\/\/cms.mtsomnii.de\/w7\/wp-json\/wp\/v2\/users\/4"}],"replies":[{"embeddable":true,"href":"http:\/\/cms.mtsomnii.de\/w7\/wp-json\/wp\/v2\/comments?post=9513"}],"version-history":[{"count":0,"href":"http:\/\/cms.mtsomnii.de\/w7\/wp-json\/wp\/v2\/posts\/9513\/revisions"}],"wp:attachment":[{"href":"http:\/\/cms.mtsomnii.de\/w7\/wp-json\/wp\/v2\/media?parent=9513"}],"wp:term":[{"taxonomy":"category","embeddable":true,"href":"http:\/\/cms.mtsomnii.de\/w7\/wp-json\/wp\/v2\/categories?post=9513"},{"taxonomy":"post_tag","embeddable":true,"href":"http:\/\/cms.mtsomnii.de\/w7\/wp-json\/wp\/v2\/tags?post=9513"}],"curies":[{"name":"wp","href":"https:\/\/api.w.org\/{rel}","templated":true}]}}