{"id":9524,"date":"2022-03-29T11:00:00","date_gmt":"2022-03-29T09:00:00","guid":{"rendered":"http:\/\/cms.mtsomnii.de\/w7\/merkur-de-gap\/austrittswelle-rund-um-garmisch-partenkirchen-macht-pfarrei-ratlos-aber-nicht-mutlos-91442489-html-2-9524\/"},"modified":"2022-03-29T11:00:00","modified_gmt":"2022-03-29T09:00:00","slug":"austrittswelle-rund-um-garmisch-partenkirchen-macht-pfarrei-ratlos-aber-nicht-mutlos-91442489-html-2","status":"publish","type":"post","link":"http:\/\/cms.mtsomnii.de\/w7\/merkur-de-gap\/austrittswelle-rund-um-garmisch-partenkirchen-macht-pfarrei-ratlos-aber-nicht-mutlos-91442489-html-2-9524\/","title":{"rendered":"Austrittswelle rund um Garmisch-Partenkirchen macht Pfarrei ratlos \u2013 aber nicht mutlos"},"content":{"rendered":"<div>So viele Mitglieder wie zuvor in einem ganzen  Jahr haben seit dem 1. Januar 2022 dem Pfarrverband Partenkirchen den R\u00fccken gekehrt. Dekan Andreas Lackermeier sucht den Dialog mit den Abtr\u00fcnnigen und will die einzelnen Gr\u00fcnde erfahren.<\/div>\n","protected":false},"excerpt":{"rendered":"<p>So viele Mitglieder wie zuvor in einem ganzen Jahr haben seit dem 1. Januar 2022 dem Pfarrverband Partenkirchen den R\u00fccken gekehrt. Dekan Andreas Lackermeier sucht den Dialog mit den Abtr\u00fcnnigen und will die einzelnen Gr\u00fcnde erfahren.<\/p>\n","protected":false},"author":5,"featured_media":0,"comment_status":"closed","ping_status":"open","sticky":false,"template":"","format":"standard","meta":[],"categories":[5],"tags":[],"_links":{"self":[{"href":"http:\/\/cms.mtsomnii.de\/w7\/wp-json\/wp\/v2\/posts\/9524"}],"collection":[{"href":"http:\/\/cms.mtsomnii.de\/w7\/wp-json\/wp\/v2\/posts"}],"about":[{"href":"http:\/\/cms.mtsomnii.de\/w7\/wp-json\/wp\/v2\/types\/post"}],"author":[{"embeddable":true,"href":"http:\/\/cms.mtsomnii.de\/w7\/wp-json\/wp\/v2\/users\/5"}],"replies":[{"embeddable":true,"href":"http:\/\/cms.mtsomnii.de\/w7\/wp-json\/wp\/v2\/comments?post=9524"}],"version-history":[{"count":0,"href":"http:\/\/cms.mtsomnii.de\/w7\/wp-json\/wp\/v2\/posts\/9524\/revisions"}],"wp:attachment":[{"href":"http:\/\/cms.mtsomnii.de\/w7\/wp-json\/wp\/v2\/media?parent=9524"}],"wp:term":[{"taxonomy":"category","embeddable":true,"href":"http:\/\/cms.mtsomnii.de\/w7\/wp-json\/wp\/v2\/categories?post=9524"},{"taxonomy":"post_tag","embeddable":true,"href":"http:\/\/cms.mtsomnii.de\/w7\/wp-json\/wp\/v2\/tags?post=9524"}],"curies":[{"name":"wp","href":"https:\/\/api.w.org\/{rel}","templated":true}]}}