{"id":9550,"date":"2022-03-30T11:21:30","date_gmt":"2022-03-30T09:21:30","guid":{"rendered":"http:\/\/cms.mtsomnii.de\/w7\/merkur-de-gap\/unterammergau-zwei-toedlich-verunglueckte-bergwanderer-am-sonnenberggrat-91445151-html-3-9550\/"},"modified":"2022-03-30T11:21:30","modified_gmt":"2022-03-30T09:21:30","slug":"unterammergau-zwei-toedlich-verunglueckte-bergwanderer-am-sonnenberggrat-91445151-html-3","status":"publish","type":"post","link":"http:\/\/cms.mtsomnii.de\/w7\/merkur-de-gap\/unterammergau-zwei-toedlich-verunglueckte-bergwanderer-am-sonnenberggrat-91445151-html-3-9550\/","title":{"rendered":"Unterammergau: Zwei t\u00f6dlich verungl\u00fcckte Bergwanderer am Sonnenberggrat"},"content":{"rendered":"<div>Unterammergau &#8211; Am Dienstag, 29. M\u00e4rz 2022, fanden Suchmannschaften unterhalb des Sonnenberggrats den Leichnam eines vermissten Bergwanderers (51) aus M\u00fcnchen. In der N\u00e4he der Fundstelle wurde eine zweite tote Person gefunden. Dabei handelt es sich um einen 48-j\u00e4hrigen Mann aus Ingolstadt. Beide Bergwanderer d\u00fcrften, den Ermittlungen der Alpinen Einsatzgruppe (AEG) zufolge, unabh\u00e4ngig voneinander verungl\u00fcckt sein.\u00a0<\/div>\n","protected":false},"excerpt":{"rendered":"<p>Unterammergau &#8211; Am Dienstag, 29. M\u00e4rz 2022, fanden Suchmannschaften unterhalb des Sonnenberggrats den Leichnam eines vermissten Bergwanderers (51) aus M\u00fcnchen. In der N\u00e4he der Fundstelle wurde eine zweite tote Person gefunden. Dabei handelt es sich um einen 48-j\u00e4hrigen Mann aus Ingolstadt. Beide Bergwanderer d\u00fcrften, den Ermittlungen der Alpinen Einsatzgruppe (AEG) zufolge, unabh\u00e4ngig voneinander verungl\u00fcckt sein.\u00a0<\/p>\n","protected":false},"author":5,"featured_media":0,"comment_status":"closed","ping_status":"open","sticky":false,"template":"","format":"standard","meta":[],"categories":[5],"tags":[],"_links":{"self":[{"href":"http:\/\/cms.mtsomnii.de\/w7\/wp-json\/wp\/v2\/posts\/9550"}],"collection":[{"href":"http:\/\/cms.mtsomnii.de\/w7\/wp-json\/wp\/v2\/posts"}],"about":[{"href":"http:\/\/cms.mtsomnii.de\/w7\/wp-json\/wp\/v2\/types\/post"}],"author":[{"embeddable":true,"href":"http:\/\/cms.mtsomnii.de\/w7\/wp-json\/wp\/v2\/users\/5"}],"replies":[{"embeddable":true,"href":"http:\/\/cms.mtsomnii.de\/w7\/wp-json\/wp\/v2\/comments?post=9550"}],"version-history":[{"count":0,"href":"http:\/\/cms.mtsomnii.de\/w7\/wp-json\/wp\/v2\/posts\/9550\/revisions"}],"wp:attachment":[{"href":"http:\/\/cms.mtsomnii.de\/w7\/wp-json\/wp\/v2\/media?parent=9550"}],"wp:term":[{"taxonomy":"category","embeddable":true,"href":"http:\/\/cms.mtsomnii.de\/w7\/wp-json\/wp\/v2\/categories?post=9550"},{"taxonomy":"post_tag","embeddable":true,"href":"http:\/\/cms.mtsomnii.de\/w7\/wp-json\/wp\/v2\/tags?post=9550"}],"curies":[{"name":"wp","href":"https:\/\/api.w.org\/{rel}","templated":true}]}}