{"id":9552,"date":"2022-03-30T14:00:00","date_gmt":"2022-03-30T12:00:00","guid":{"rendered":"http:\/\/cms.mtsomnii.de\/w7\/merkur-de-gap\/12-kameraden-der-kruener-feuerwehr-legten-pruefung-ab-91444788-html-2-9552\/"},"modified":"2022-03-30T14:00:00","modified_gmt":"2022-03-30T12:00:00","slug":"12-kameraden-der-kruener-feuerwehr-legten-pruefung-ab-91444788-html-2","status":"publish","type":"post","link":"http:\/\/cms.mtsomnii.de\/w7\/merkur-de-gap\/12-kameraden-der-kruener-feuerwehr-legten-pruefung-ab-91444788-html-2-9552\/","title":{"rendered":"12 Kameraden der Kr\u00fcner Feuerwehr legten Pr\u00fcfung ab"},"content":{"rendered":"<div>Kr\u00fcn \u2013 Bei der Freiwilligen Feuerwehr Kr\u00fcn haben nach intensiver Vorbereitung durch das Ausbilderteam um Florian Simon gleich 12 Kameraden die Abschlusspr\u00fcfung \u201eModulare Trupp-Ausbildung\u201c mit Erfolg abgelegt. Bei der fast drei Stunden dauernden Pr\u00fcfung \u2013 alle Teilnehmer mit negativem Corona-Test &#8211; mussten im praktischen Teil diverse Trupp-Aufgaben und Einsatz\u00fcbungen in der Technischen Hilfeleistung und im Brandeinsatz bew\u00e4ltigt werden. Bei der theoretischen Pr\u00fcfung mussten 15 Fragen mit mehreren L\u00f6sungsm\u00f6glichkeiten richtig beantwortet werden.<\/div>\n","protected":false},"excerpt":{"rendered":"<p>Kr\u00fcn \u2013 Bei der Freiwilligen Feuerwehr Kr\u00fcn haben nach intensiver Vorbereitung durch das Ausbilderteam um Florian Simon gleich 12 Kameraden die Abschlusspr\u00fcfung \u201eModulare Trupp-Ausbildung\u201c mit Erfolg abgelegt. Bei der fast drei Stunden dauernden Pr\u00fcfung \u2013 alle Teilnehmer mit negativem Corona-Test &#8211; mussten im praktischen Teil diverse Trupp-Aufgaben und Einsatz\u00fcbungen in der Technischen Hilfeleistung und im Brandeinsatz bew\u00e4ltigt werden. Bei der<\/p>\n","protected":false},"author":5,"featured_media":0,"comment_status":"closed","ping_status":"open","sticky":false,"template":"","format":"standard","meta":[],"categories":[5],"tags":[],"_links":{"self":[{"href":"http:\/\/cms.mtsomnii.de\/w7\/wp-json\/wp\/v2\/posts\/9552"}],"collection":[{"href":"http:\/\/cms.mtsomnii.de\/w7\/wp-json\/wp\/v2\/posts"}],"about":[{"href":"http:\/\/cms.mtsomnii.de\/w7\/wp-json\/wp\/v2\/types\/post"}],"author":[{"embeddable":true,"href":"http:\/\/cms.mtsomnii.de\/w7\/wp-json\/wp\/v2\/users\/5"}],"replies":[{"embeddable":true,"href":"http:\/\/cms.mtsomnii.de\/w7\/wp-json\/wp\/v2\/comments?post=9552"}],"version-history":[{"count":0,"href":"http:\/\/cms.mtsomnii.de\/w7\/wp-json\/wp\/v2\/posts\/9552\/revisions"}],"wp:attachment":[{"href":"http:\/\/cms.mtsomnii.de\/w7\/wp-json\/wp\/v2\/media?parent=9552"}],"wp:term":[{"taxonomy":"category","embeddable":true,"href":"http:\/\/cms.mtsomnii.de\/w7\/wp-json\/wp\/v2\/categories?post=9552"},{"taxonomy":"post_tag","embeddable":true,"href":"http:\/\/cms.mtsomnii.de\/w7\/wp-json\/wp\/v2\/tags?post=9552"}],"curies":[{"name":"wp","href":"https:\/\/api.w.org\/{rel}","templated":true}]}}