{"id":9558,"date":"2022-03-31T06:58:00","date_gmt":"2022-03-31T04:58:00","guid":{"rendered":"http:\/\/cms.mtsomnii.de\/w7\/merkur-de-gap\/pruefungen-keine-probleme-wegen-g7-gipfel-91446639-html-9558\/"},"modified":"2022-03-31T06:58:00","modified_gmt":"2022-03-31T04:58:00","slug":"pruefungen-keine-probleme-wegen-g7-gipfel-91446639-html","status":"publish","type":"post","link":"http:\/\/cms.mtsomnii.de\/w7\/merkur-de-gap\/pruefungen-keine-probleme-wegen-g7-gipfel-91446639-html-9558\/","title":{"rendered":"Abschlusspr\u00fcfungen: Keine Probleme an Murnauer Mittel- und Realschule wegen G7-Gipfel"},"content":{"rendered":"<div>Im Landkreis herrscht Ende Juni wegen des G7-Gipfels zwar Ausnahmezustand. Doch die Murnauer Mittel- und Realsch\u00fcler werden an ihren Bildungseinrichtungen ihre Abschlusspr\u00fcfungen schreiben k\u00f6nnen. Wie es aussieht, werden allerdings externe Pr\u00fcflinge zu Gast sein.<\/div>\n","protected":false},"excerpt":{"rendered":"<p>Im Landkreis herrscht Ende Juni wegen des G7-Gipfels zwar Ausnahmezustand. Doch die Murnauer Mittel- und Realsch\u00fcler werden an ihren Bildungseinrichtungen ihre Abschlusspr\u00fcfungen schreiben k\u00f6nnen. Wie es aussieht, werden allerdings externe Pr\u00fcflinge zu Gast sein.<\/p>\n","protected":false},"author":5,"featured_media":0,"comment_status":"closed","ping_status":"open","sticky":false,"template":"","format":"standard","meta":[],"categories":[5],"tags":[],"_links":{"self":[{"href":"http:\/\/cms.mtsomnii.de\/w7\/wp-json\/wp\/v2\/posts\/9558"}],"collection":[{"href":"http:\/\/cms.mtsomnii.de\/w7\/wp-json\/wp\/v2\/posts"}],"about":[{"href":"http:\/\/cms.mtsomnii.de\/w7\/wp-json\/wp\/v2\/types\/post"}],"author":[{"embeddable":true,"href":"http:\/\/cms.mtsomnii.de\/w7\/wp-json\/wp\/v2\/users\/5"}],"replies":[{"embeddable":true,"href":"http:\/\/cms.mtsomnii.de\/w7\/wp-json\/wp\/v2\/comments?post=9558"}],"version-history":[{"count":0,"href":"http:\/\/cms.mtsomnii.de\/w7\/wp-json\/wp\/v2\/posts\/9558\/revisions"}],"wp:attachment":[{"href":"http:\/\/cms.mtsomnii.de\/w7\/wp-json\/wp\/v2\/media?parent=9558"}],"wp:term":[{"taxonomy":"category","embeddable":true,"href":"http:\/\/cms.mtsomnii.de\/w7\/wp-json\/wp\/v2\/categories?post=9558"},{"taxonomy":"post_tag","embeddable":true,"href":"http:\/\/cms.mtsomnii.de\/w7\/wp-json\/wp\/v2\/tags?post=9558"}],"curies":[{"name":"wp","href":"https:\/\/api.w.org\/{rel}","templated":true}]}}